{"id":2774,"date":"2026-09-04T14:42:11","date_gmt":"2026-09-04T17:42:11","guid":{"rendered":"https:\/\/seasdih.duquedecaxias.rj.gov.br\/digital\/?p=2774"},"modified":"2026-09-04T15:40:37","modified_gmt":"2026-09-04T18:40:37","slug":"agosto-dourado-smasdh-promove-acoes-de-incentivo-ao-aleitamento-materno-nos-cras","status":"publish","type":"post","link":"https:\/\/seasdih.duquedecaxias.rj.gov.br\/digital\/agosto-dourado-smasdh-promove-acoes-de-incentivo-ao-aleitamento-materno-nos-cras\/","title":{"rendered":"Agosto Dourado: SMASDH promove a\u00e7\u00f5es de incentivo ao aleitamento materno nos CRAS"},"content":{"rendered":"\n<p class=\"wp-block-paragraph\">Durante o Agosto Dourado, m\u00eas dedicado \u00e0 conscientiza\u00e7\u00e3o sobre a import\u00e2ncia do aleitamento materno, a Secretaria Municipal de Assist\u00eancia Social e Direitos Humanos (SMASDH), por meio da equipe de Nutri\u00e7\u00e3o, promoveu a\u00e7\u00f5es nos Centros de Refer\u00eancia de Assist\u00eancia Social (CRAS) de Duque de Caxias.<\/p>\n\n\n\n<p class=\"wp-block-paragraph\">As atividades foram realizadas com gestantes, pu\u00e9rperas, m\u00e3es e familiares e inclu\u00edram rodas de conversa e orienta\u00e7\u00f5es sobre a amamenta\u00e7\u00e3o. Os encontros proporcionaram espa\u00e7os para esclarecimento de d\u00favidas, compartilhamento de informa\u00e7\u00f5es e troca de experi\u00eancias entre as participantes e os profissionais.<\/p>\n\n\n\n<p class=\"wp-block-paragraph\">Ao longo das a\u00e7\u00f5es, foram abordados os benef\u00edcios do aleitamento materno para a sa\u00fade e o desenvolvimento do beb\u00ea, al\u00e9m da import\u00e2ncia do cuidado, da orienta\u00e7\u00e3o e da rede de apoio \u00e0s mulheres durante o per\u00edodo de amamenta\u00e7\u00e3o.<\/p>\n\n\n\n<p class=\"wp-block-paragraph\">A iniciativa tamb\u00e9m buscou fortalecer os v\u00ednculos familiares e refor\u00e7ar a import\u00e2ncia do acolhimento \u00e0s m\u00e3es, reconhecendo que o apoio da fam\u00edlia e da rede de atendimento contribui para tornar o processo de amamenta\u00e7\u00e3o mais seguro e acolhedor.<\/p>\n\n\n\n<figure class=\"wp-block-image size-large is-resized\"><img fetchpriority=\"high\" decoding=\"async\" width=\"1024\" height=\"768\" src=\"https:\/\/seasdih.duquedecaxias.rj.gov.br\/digital\/wp-content\/uploads\/2026\/09\/20260805_144143-1024x768.jpg\" alt=\"\" class=\"wp-image-2776\" style=\"width:408px;height:auto\" srcset=\"https:\/\/seasdih.duquedecaxias.rj.gov.br\/digital\/wp-content\/uploads\/2026\/09\/20260805_144143-1024x768.jpg 1024w, https:\/\/seasdih.duquedecaxias.rj.gov.br\/digital\/wp-content\/uploads\/2026\/09\/20260805_144143-300x225.jpg 300w, https:\/\/seasdih.duquedecaxias.rj.gov.br\/digital\/wp-content\/uploads\/2026\/09\/20260805_144143-768x576.jpg 768w, https:\/\/seasdih.duquedecaxias.rj.gov.br\/digital\/wp-content\/uploads\/2026\/09\/20260805_144143-1536x1152.jpg 1536w, https:\/\/seasdih.duquedecaxias.rj.gov.br\/digital\/wp-content\/uploads\/2026\/09\/20260805_144143-2048x1536.jpg 2048w\" sizes=\"(max-width: 1024px) 100vw, 1024px\" \/><\/figure>\n\n\n\n<p class=\"wp-block-paragraph\">Com as atividades do Agosto Dourado, a SMASDH refor\u00e7a o compromisso com a\u00e7\u00f5es de orienta\u00e7\u00e3o e cuidado voltadas \u00e0s fam\u00edlias acompanhadas pela rede socioassistencial, contribuindo para a prote\u00e7\u00e3o e o desenvolvimento integral na primeira inf\u00e2ncia.<\/p>\n\n\n\n<p class=\"wp-block-paragraph\"><strong>Cuidar, orientar e fortalecer v\u00ednculos. Juntos, fortalecemos o cuidado com a primeira inf\u00e2ncia e apoiamos quem amamenta.<\/strong><\/p>\n\n\n\n<figure class=\"wp-block-image size-large is-resized\"><img decoding=\"async\" width=\"1024\" height=\"867\" src=\"https:\/\/seasdih.duquedecaxias.rj.gov.br\/digital\/wp-content\/uploads\/2026\/09\/20260805_1427262-1024x867.jpg\" alt=\"\" class=\"wp-image-2777\" style=\"aspect-ratio:1.1811123838615247;width:401px;height:auto\" srcset=\"https:\/\/seasdih.duquedecaxias.rj.gov.br\/digital\/wp-content\/uploads\/2026\/09\/20260805_1427262-1024x867.jpg 1024w, https:\/\/seasdih.duquedecaxias.rj.gov.br\/digital\/wp-content\/uploads\/2026\/09\/20260805_1427262-300x254.jpg 300w, https:\/\/seasdih.duquedecaxias.rj.gov.br\/digital\/wp-content\/uploads\/2026\/09\/20260805_1427262-768x651.jpg 768w, https:\/\/seasdih.duquedecaxias.rj.gov.br\/digital\/wp-content\/uploads\/2026\/09\/20260805_1427262-1536x1301.jpg 1536w, https:\/\/seasdih.duquedecaxias.rj.gov.br\/digital\/wp-content\/uploads\/2026\/09\/20260805_1427262-2048x1735.jpg 2048w\" sizes=\"(max-width: 1024px) 100vw, 1024px\" \/><\/figure>\n","protected":false},"excerpt":{"rendered":"<p>Durante o Agosto Dourado, m\u00eas dedicado \u00e0 conscientiza\u00e7\u00e3o sobre a import\u00e2ncia do aleitamento materno, a Secretaria Municipal de Assist\u00eancia Social e Direitos Humanos (SMASDH), por meio da equipe de Nutri\u00e7\u00e3o, promoveu a\u00e7\u00f5es nos Centros de Refer\u00eancia de Assist\u00eancia Social (CRAS) de Duque de Caxias. As atividades foram realizadas com gestantes, pu\u00e9rperas, m\u00e3es e familiares e [&hellip;]<\/p>\n","protected":false},"author":351,"featured_media":2775,"comment_status":"closed","ping_status":"open","sticky":false,"template":"","format":"standard","meta":{"footnotes":""},"categories":[80,1],"tags":[],"class_list":["post-2774","post","type-post","status-publish","format-standard","has-post-thumbnail","hentry","category-cras","category-seasdih"],"_links":{"self":[{"href":"https:\/\/seasdih.duquedecaxias.rj.gov.br\/digital\/wp-json\/wp\/v2\/posts\/2774","targetHints":{"allow":["GET"]}}],"collection":[{"href":"https:\/\/seasdih.duquedecaxias.rj.gov.br\/digital\/wp-json\/wp\/v2\/posts"}],"about":[{"href":"https:\/\/seasdih.duquedecaxias.rj.gov.br\/digital\/wp-json\/wp\/v2\/types\/post"}],"author":[{"embeddable":true,"href":"https:\/\/seasdih.duquedecaxias.rj.gov.br\/digital\/wp-json\/wp\/v2\/users\/351"}],"replies":[{"embeddable":true,"href":"https:\/\/seasdih.duquedecaxias.rj.gov.br\/digital\/wp-json\/wp\/v2\/comments?post=2774"}],"version-history":[{"count":2,"href":"https:\/\/seasdih.duquedecaxias.rj.gov.br\/digital\/wp-json\/wp\/v2\/posts\/2774\/revisions"}],"predecessor-version":[{"id":2784,"href":"https:\/\/seasdih.duquedecaxias.rj.gov.br\/digital\/wp-json\/wp\/v2\/posts\/2774\/revisions\/2784"}],"wp:featuredmedia":[{"embeddable":true,"href":"https:\/\/seasdih.duquedecaxias.rj.gov.br\/digital\/wp-json\/wp\/v2\/media\/2775"}],"wp:attachment":[{"href":"https:\/\/seasdih.duquedecaxias.rj.gov.br\/digital\/wp-json\/wp\/v2\/media?parent=2774"}],"wp:term":[{"taxonomy":"category","embeddable":true,"href":"https:\/\/seasdih.duquedecaxias.rj.gov.br\/digital\/wp-json\/wp\/v2\/categories?post=2774"},{"taxonomy":"post_tag","embeddable":true,"href":"https:\/\/seasdih.duquedecaxias.rj.gov.br\/digital\/wp-json\/wp\/v2\/tags?post=2774"}],"curies":[{"name":"wp","href":"https:\/\/api.w.org\/{rel}","templated":true}]}}