{"id":2769,"date":"2026-09-04T13:53:00","date_gmt":"2026-09-04T16:53:00","guid":{"rendered":"https:\/\/seasdih.duquedecaxias.rj.gov.br\/digital\/?p=2769"},"modified":"2026-09-04T15:04:38","modified_gmt":"2026-09-04T18:04:38","slug":"ceam-vera-lucia-pereira-promove-aula-inaugural-das-oficinas-de-funcional-e-croche","status":"publish","type":"post","link":"https:\/\/seasdih.duquedecaxias.rj.gov.br\/digital\/ceam-vera-lucia-pereira-promove-aula-inaugural-das-oficinas-de-funcional-e-croche\/","title":{"rendered":"CEAM Vera L\u00facia Pereira promove aula inaugural das oficinas de Funcional e Croch\u00ea"},"content":{"rendered":"\n<p class=\"wp-block-paragraph\">O CEAM Vera L\u00facia Pereira realizou, no m\u00eas de agosto, a aula inaugural das oficinas de Funcional e Croch\u00ea, dando in\u00edcio a novas atividades voltadas ao fortalecimento, bem-estar e promo\u00e7\u00e3o da autonomia das mulheres.<\/p>\n\n\n\n<p class=\"wp-block-paragraph\">Durante o encontro, foram apresentadas \u00e0s participantes a equipe respons\u00e1vel, a proposta das oficinas e as principais orienta\u00e7\u00f5es para o desenvolvimento das atividades. O momento tamb\u00e9m possibilitou a integra\u00e7\u00e3o entre as participantes e a equipe do CEAM.<\/p>\n\n\n\n<figure class=\"wp-block-image size-large is-resized\"><img fetchpriority=\"high\" decoding=\"async\" width=\"1024\" height=\"768\" src=\"https:\/\/seasdih.duquedecaxias.rj.gov.br\/digital\/wp-content\/uploads\/2026\/09\/1-1024x768.jpg\" alt=\"\" class=\"wp-image-2770\" style=\"width:367px;height:auto\" srcset=\"https:\/\/seasdih.duquedecaxias.rj.gov.br\/digital\/wp-content\/uploads\/2026\/09\/1-1024x768.jpg 1024w, https:\/\/seasdih.duquedecaxias.rj.gov.br\/digital\/wp-content\/uploads\/2026\/09\/1-300x225.jpg 300w, https:\/\/seasdih.duquedecaxias.rj.gov.br\/digital\/wp-content\/uploads\/2026\/09\/1-768x576.jpg 768w, https:\/\/seasdih.duquedecaxias.rj.gov.br\/digital\/wp-content\/uploads\/2026\/09\/1-1536x1152.jpg 1536w, https:\/\/seasdih.duquedecaxias.rj.gov.br\/digital\/wp-content\/uploads\/2026\/09\/1-2048x1536.jpg 2048w\" sizes=\"(max-width: 1024px) 100vw, 1024px\" \/><\/figure>\n\n\n\n<p class=\"wp-block-paragraph\">As oficinas foram pensadas como espa\u00e7os de conviv\u00eancia, aprendizado e desenvolvimento de habilidades. A oficina de Funcional busca incentivar a pr\u00e1tica de atividades f\u00edsicas e o bem-estar, enquanto a de Croch\u00ea promove criatividade, aprendizado e o desenvolvimento de habilidades manuais que tamb\u00e9m podem contribuir para a autonomia das participantes. Ao final das atividades, ser\u00e1 emitida declara\u00e7\u00e3o de participa\u00e7\u00e3o.<\/p>\n\n\n\n<p class=\"wp-block-paragraph\">A iniciativa integra as a\u00e7\u00f5es desenvolvidas pelo CEAM Vera L\u00facia Pereira, equipamento da Secretaria Municipal de Assist\u00eancia Social e Direitos Humanos (SMASDH), voltadas ao acolhimento, fortalecimento e promo\u00e7\u00e3o da autonomia das mulheres.<\/p>\n\n\n\n<figure class=\"wp-block-image size-large is-resized\"><img decoding=\"async\" width=\"1024\" height=\"768\" src=\"https:\/\/seasdih.duquedecaxias.rj.gov.br\/digital\/wp-content\/uploads\/2026\/09\/20260811_111145-1024x768.jpg\" alt=\"\" class=\"wp-image-2772\" style=\"width:381px;height:auto\" srcset=\"https:\/\/seasdih.duquedecaxias.rj.gov.br\/digital\/wp-content\/uploads\/2026\/09\/20260811_111145-1024x768.jpg 1024w, https:\/\/seasdih.duquedecaxias.rj.gov.br\/digital\/wp-content\/uploads\/2026\/09\/20260811_111145-300x225.jpg 300w, https:\/\/seasdih.duquedecaxias.rj.gov.br\/digital\/wp-content\/uploads\/2026\/09\/20260811_111145-768x576.jpg 768w, https:\/\/seasdih.duquedecaxias.rj.gov.br\/digital\/wp-content\/uploads\/2026\/09\/20260811_111145-1536x1152.jpg 1536w, https:\/\/seasdih.duquedecaxias.rj.gov.br\/digital\/wp-content\/uploads\/2026\/09\/20260811_111145-2048x1536.jpg 2048w\" sizes=\"(max-width: 1024px) 100vw, 1024px\" \/><\/figure>\n\n\n\n<p class=\"wp-block-paragraph\"><strong>CEAM Vera L\u00facia Pereira<\/strong><br>Rua Professor Jos\u00e9 de Souza Herdy, 874 \u2013 Jardim 25 de Agosto \u2013 Duque de Caxias.<\/p>\n\n\n\n<p class=\"wp-block-paragraph\"><strong>CEAM Vera L\u00facia Pereira: acolher, fortalecer e transformar.<\/strong><\/p>\n\n\n\n<p class=\"wp-block-paragraph\"><\/p>\n","protected":false},"excerpt":{"rendered":"<p>O CEAM Vera L\u00facia Pereira realizou, no m\u00eas de agosto, a aula inaugural das oficinas de Funcional e Croch\u00ea, dando in\u00edcio a novas atividades voltadas ao fortalecimento, bem-estar e promo\u00e7\u00e3o da autonomia das mulheres. Durante o encontro, foram apresentadas \u00e0s participantes a equipe respons\u00e1vel, a proposta das oficinas e as principais orienta\u00e7\u00f5es para o desenvolvimento [&hellip;]<\/p>\n","protected":false},"author":351,"featured_media":2771,"comment_status":"closed","ping_status":"open","sticky":false,"template":"","format":"standard","meta":{"footnotes":""},"categories":[79,1],"tags":[],"class_list":["post-2769","post","type-post","status-publish","format-standard","has-post-thumbnail","hentry","category-equipamentos","category-seasdih"],"_links":{"self":[{"href":"https:\/\/seasdih.duquedecaxias.rj.gov.br\/digital\/wp-json\/wp\/v2\/posts\/2769","targetHints":{"allow":["GET"]}}],"collection":[{"href":"https:\/\/seasdih.duquedecaxias.rj.gov.br\/digital\/wp-json\/wp\/v2\/posts"}],"about":[{"href":"https:\/\/seasdih.duquedecaxias.rj.gov.br\/digital\/wp-json\/wp\/v2\/types\/post"}],"author":[{"embeddable":true,"href":"https:\/\/seasdih.duquedecaxias.rj.gov.br\/digital\/wp-json\/wp\/v2\/users\/351"}],"replies":[{"embeddable":true,"href":"https:\/\/seasdih.duquedecaxias.rj.gov.br\/digital\/wp-json\/wp\/v2\/comments?post=2769"}],"version-history":[{"count":3,"href":"https:\/\/seasdih.duquedecaxias.rj.gov.br\/digital\/wp-json\/wp\/v2\/posts\/2769\/revisions"}],"predecessor-version":[{"id":2783,"href":"https:\/\/seasdih.duquedecaxias.rj.gov.br\/digital\/wp-json\/wp\/v2\/posts\/2769\/revisions\/2783"}],"wp:featuredmedia":[{"embeddable":true,"href":"https:\/\/seasdih.duquedecaxias.rj.gov.br\/digital\/wp-json\/wp\/v2\/media\/2771"}],"wp:attachment":[{"href":"https:\/\/seasdih.duquedecaxias.rj.gov.br\/digital\/wp-json\/wp\/v2\/media?parent=2769"}],"wp:term":[{"taxonomy":"category","embeddable":true,"href":"https:\/\/seasdih.duquedecaxias.rj.gov.br\/digital\/wp-json\/wp\/v2\/categories?post=2769"},{"taxonomy":"post_tag","embeddable":true,"href":"https:\/\/seasdih.duquedecaxias.rj.gov.br\/digital\/wp-json\/wp\/v2\/tags?post=2769"}],"curies":[{"name":"wp","href":"https:\/\/api.w.org\/{rel}","templated":true}]}}