{"id":2760,"date":"2026-09-01T13:43:35","date_gmt":"2026-09-01T16:43:35","guid":{"rendered":"https:\/\/seasdih.duquedecaxias.rj.gov.br\/digital\/?p=2760"},"modified":"2026-09-01T13:43:40","modified_gmt":"2026-09-01T16:43:40","slug":"smasdh-promove-capacitacao-para-profissionais-das-casas-de-acolhimento-da-protecao-social-especial","status":"publish","type":"post","link":"https:\/\/seasdih.duquedecaxias.rj.gov.br\/digital\/smasdh-promove-capacitacao-para-profissionais-das-casas-de-acolhimento-da-protecao-social-especial\/","title":{"rendered":"SMASDH promove capacita\u00e7\u00e3o para profissionais das Casas de Acolhimento da Prote\u00e7\u00e3o Social Especial"},"content":{"rendered":"\n<h1 class=\"wp-block-heading\"><\/h1>\n\n\n\n<p class=\"wp-block-paragraph\">A Secretaria Municipal de Assist\u00eancia Social e Direitos Humanos (SMASDH) promoveu uma capacita\u00e7\u00e3o voltada aos profissionais que atuam nas Casas de Acolhimento da Prote\u00e7\u00e3o Social Especial (PSE). A atividade contou com a participa\u00e7\u00e3o de palestrantes do Centro Internacional de Estudos e Pesquisas sobre a Inf\u00e2ncia (CIESPI).<\/p>\n\n\n\n<p class=\"wp-block-paragraph\">O encontro teve como objetivo contribuir para o aprimoramento do trabalho desenvolvido nos servi\u00e7os de acolhimento, proporcionando um espa\u00e7o de aprendizado, troca de experi\u00eancias, debates e esclarecimento de d\u00favidas relacionadas \u00e0 atua\u00e7\u00e3o cotidiana das equipes.<\/p>\n\n\n\n<p class=\"wp-block-paragraph\">A capacita\u00e7\u00e3o tamb\u00e9m teve aten\u00e7\u00e3o especial aos profissionais que ingressaram na rede em meados de junho de 2026, contribuindo para ampliar seus conhecimentos sobre o trabalho desenvolvido na Prote\u00e7\u00e3o Social Especial e fortalecer sua integra\u00e7\u00e3o \u00e0s equipes e aos servi\u00e7os ofertados pela SMASDH.<\/p>\n\n\n\n<figure class=\"wp-block-image size-full is-resized\"><img fetchpriority=\"high\" decoding=\"async\" width=\"720\" height=\"891\" src=\"https:\/\/seasdih.duquedecaxias.rj.gov.br\/digital\/wp-content\/uploads\/2026\/09\/2.jpeg\" alt=\"\" class=\"wp-image-2764\" style=\"width:365px;height:auto\" srcset=\"https:\/\/seasdih.duquedecaxias.rj.gov.br\/digital\/wp-content\/uploads\/2026\/09\/2.jpeg 720w, https:\/\/seasdih.duquedecaxias.rj.gov.br\/digital\/wp-content\/uploads\/2026\/09\/2-242x300.jpeg 242w\" sizes=\"(max-width: 720px) 100vw, 720px\" \/><\/figure>\n\n\n\n<p class=\"wp-block-paragraph\">Ao longo da atividade, os participantes puderam compartilhar experi\u00eancias e refletir sobre pr\u00e1ticas que contribuem para a garantia de direitos e para a qualifica\u00e7\u00e3o do atendimento oferecido \u00e0s pessoas acolhidas.<\/p>\n\n\n\n<p class=\"wp-block-paragraph\">A iniciativa refor\u00e7a o compromisso da SMASDH com a forma\u00e7\u00e3o continuada de seus profissionais e com o fortalecimento dos servi\u00e7os socioassistenciais, buscando oferecer um atendimento cada vez mais humanizado, qualificado e comprometido com a prote\u00e7\u00e3o e a garantia de direitos.<\/p>\n\n\n\n<figure class=\"wp-block-image size-full is-resized\"><img decoding=\"async\" width=\"720\" height=\"585\" src=\"https:\/\/seasdih.duquedecaxias.rj.gov.br\/digital\/wp-content\/uploads\/2026\/09\/3.jpeg\" alt=\"\" class=\"wp-image-2765\" style=\"width:374px;height:auto\" srcset=\"https:\/\/seasdih.duquedecaxias.rj.gov.br\/digital\/wp-content\/uploads\/2026\/09\/3.jpeg 720w, https:\/\/seasdih.duquedecaxias.rj.gov.br\/digital\/wp-content\/uploads\/2026\/09\/3-300x244.jpeg 300w\" sizes=\"(max-width: 720px) 100vw, 720px\" \/><\/figure>\n","protected":false},"excerpt":{"rendered":"<p>A Secretaria Municipal de Assist\u00eancia Social e Direitos Humanos (SMASDH) promoveu uma capacita\u00e7\u00e3o voltada aos profissionais que atuam nas Casas de Acolhimento da Prote\u00e7\u00e3o Social Especial (PSE). A atividade contou com a participa\u00e7\u00e3o de palestrantes do Centro Internacional de Estudos e Pesquisas sobre a Inf\u00e2ncia (CIESPI). O encontro teve como objetivo contribuir para o aprimoramento [&hellip;]<\/p>\n","protected":false},"author":351,"featured_media":2761,"comment_status":"closed","ping_status":"open","sticky":false,"template":"","format":"standard","meta":{"footnotes":""},"categories":[81,79],"tags":[],"class_list":["post-2760","post","type-post","status-publish","format-standard","has-post-thumbnail","hentry","category-creas","category-equipamentos"],"_links":{"self":[{"href":"https:\/\/seasdih.duquedecaxias.rj.gov.br\/digital\/wp-json\/wp\/v2\/posts\/2760","targetHints":{"allow":["GET"]}}],"collection":[{"href":"https:\/\/seasdih.duquedecaxias.rj.gov.br\/digital\/wp-json\/wp\/v2\/posts"}],"about":[{"href":"https:\/\/seasdih.duquedecaxias.rj.gov.br\/digital\/wp-json\/wp\/v2\/types\/post"}],"author":[{"embeddable":true,"href":"https:\/\/seasdih.duquedecaxias.rj.gov.br\/digital\/wp-json\/wp\/v2\/users\/351"}],"replies":[{"embeddable":true,"href":"https:\/\/seasdih.duquedecaxias.rj.gov.br\/digital\/wp-json\/wp\/v2\/comments?post=2760"}],"version-history":[{"count":1,"href":"https:\/\/seasdih.duquedecaxias.rj.gov.br\/digital\/wp-json\/wp\/v2\/posts\/2760\/revisions"}],"predecessor-version":[{"id":2766,"href":"https:\/\/seasdih.duquedecaxias.rj.gov.br\/digital\/wp-json\/wp\/v2\/posts\/2760\/revisions\/2766"}],"wp:featuredmedia":[{"embeddable":true,"href":"https:\/\/seasdih.duquedecaxias.rj.gov.br\/digital\/wp-json\/wp\/v2\/media\/2761"}],"wp:attachment":[{"href":"https:\/\/seasdih.duquedecaxias.rj.gov.br\/digital\/wp-json\/wp\/v2\/media?parent=2760"}],"wp:term":[{"taxonomy":"category","embeddable":true,"href":"https:\/\/seasdih.duquedecaxias.rj.gov.br\/digital\/wp-json\/wp\/v2\/categories?post=2760"},{"taxonomy":"post_tag","embeddable":true,"href":"https:\/\/seasdih.duquedecaxias.rj.gov.br\/digital\/wp-json\/wp\/v2\/tags?post=2760"}],"curies":[{"name":"wp","href":"https:\/\/api.w.org\/{rel}","templated":true}]}}